{"id":100220,"date":"2016-11-16T10:02:08","date_gmt":"2016-11-16T09:02:08","guid":{"rendered":"http:\/\/www.ifun.de\/?p=100220"},"modified":"2016-11-16T10:53:02","modified_gmt":"2016-11-16T09:53:02","slug":"macbook-pro-2016-deutsche-kaeufer-erhalten-versandbestaetigungen","status":"publish","type":"post","link":"https:\/\/www.ifun.de\/macbook-pro-2016-deutsche-kaeufer-erhalten-versandbestaetigungen-100220\/","title":{"rendered":"MacBook Pro 2016: Deutsche K\u00e4ufer erhalten Versandbest\u00e4tigungen"},"content":{"rendered":"<p>Apple hat damit angefangen, die Versandvorbereitungen fr\u00fcher MacBook Pro-Bestellungen in Angriff zu nehmen und den Bestellstatus bei zahlreichen Deutschen Kunden von &#8222;Bestellung wird bearbeitet&#8220; auf &#8222;Versand wird vorbereitet&#8220; aktualisiert.<\/p>\n<p><a href=\"https:\/\/images.ifun.de\/wp-content\/uploads\/2016\/11\/shipp.gif\"><img loading=\"lazy\" decoding=\"async\" class=\"aligncenter size-full wp-image-100221\" src=\"https:\/\/images.ifun.de\/wp-content\/uploads\/2016\/11\/shipp.gif\" alt=\"Shipp\" width=\"500\" height=\"89\" \/><\/a><\/p>\n<p>Nachdem sich in den vergangenen Tagen bereits einige Ausrei\u00dfer \u00fcber das Eintrudeln ihrer Versandbest\u00e4tigungen freuen konnten, scheint die erste Charge der neuen MacBook-Modelle nun kurz vor der Auslieferung zu stehen.<\/p>\n<p>Die \u00c4nderung des Bestellstatus kann &#8211; je nach Institut &#8211; mit Kreditkartenbelastungen einhergehen und markiert den Zeitpunkt, an dem die Bestellung online nicht mehr storniert werden kann.<\/p>\n<blockquote><p>Deine Bestellung wird bereits bearbeitet und kann daher nicht mehr ge\u00e4ndert werden. Werden die Artikel direkt an dich versendet, schicken wir dir eine E-Mail mit der Versandbest\u00e4tigung. Werden die Artikel direkt an einen Apple Store versendet, schicken wir dir eine E-Mail mit der Abholbenachrichtigung, wenn sie zur Abholung bereit sind.<\/p><\/blockquote>\n<p>Solltet ihr einen Apple Store in der unmittelbaren Umgebung haben und die Belieferung nicht mehr abwarten k\u00f6nnen, kann es sich <a href=\"https:\/\/www.reddit.com\/r\/apple\/comments\/5d45tm\/i_was_able_to_walk_in_and_get_a_13_tb_macbook_pro\/\">unter Umst\u00e4nden<\/a> lohnen, hier nach einen verf\u00fcgbaren Modell Ausschau zu halten. Wenn ihr in der Filiale f\u00fcndig werdet, kann die Bestellung, laut Apple, einfach durch die Verweigerung der Annahme der gelieferten Artikel storniert werden.<\/p>\n<!-- WP-Appbox (Version: 4.5.12 \/\/ Store: appstore \/\/ ID: 924726344) -->\t<!-- app-link -->\n\t<div id=\"article-single-app-preview\">\n\t\t<div id=\"article-single-app-preview-header\">\n\t\t\t<span class=\"title\">Laden im App Store<\/span>\n\t\t<\/div>\n\t\t<div id=\"article-single-app-preview-content\">\n\t\t\t<div id=\"article-single-app-preview-img\"><img loading=\"lazy\" decoding=\"async\" src=\"\/\/is2-ssl.mzstatic.com\/image\/thumb\/Purple114\/v4\/05\/7f\/a7\/057fa750-afa8-55d2-d7eb-d8dec4d0268b\/Deliveries-0-85-220-0-4-2x.png\/230x0w.png%20\" alt=\"\u200eLieferungen (Deliveries) 3\"  height=\"72\" width=\"72\" class=\"asl-icon-img\" \/><\/div>\n\t\t\t<div id=\"article-single-app-preview-desc\">\n\t\t\t\t<span class=\"name\">\u200eLieferungen (Deliveries) 3<\/span><br \/>\n\t\t\t\t<span class=\"seller\">Entwickler: <a target=\"_blank\" rel=\"nofollow\" href=\"https:\/\/apps.apple.com\/de\/developer\/junecloud-llc\/id290986016\">Junecloud LLC<\/a><\/span>\n\t\t\t<\/div>\n\t\t\t<a target=\"_blank\" rel=\"nofollow\" href=\"https:\/\/apps.apple.com\/de\/app\/lieferungen-deliveries-3\/id924726344?mt=12\"><div id=\"article-single-app-preview-download\">Preis: 5,49\u00a0\u20ac<br \/>\n\t\t\t<span class=\"size\">Laden<\/span><\/div><\/a>\n\t\t<\/div>\n\t\t<!-- <div id=\"article-single-app-preview-footer\"><\/div>\t-->\n\t<\/div>\n\t<!-- app-link\/ende --><!-- \/WP-Appbox -->\n<p><a href=\"https:\/\/images.ifun.de\/wp-content\/uploads\/2016\/11\/lieferung.jpg\"><img loading=\"lazy\" decoding=\"async\" class=\"aligncenter size-full wp-image-100222\" src=\"https:\/\/images.ifun.de\/wp-content\/uploads\/2016\/11\/lieferung.jpg\" alt=\"Lieferung\" width=\"700\" height=\"615\" srcset=\"https:\/\/images.ifun.de\/wp-content\/uploads\/2016\/11\/lieferung.jpg 700w, https:\/\/images.ifun.de\/wp-content\/uploads\/2016\/11\/lieferung-300x264.jpg 300w\" sizes=\"auto, (max-width: 700px) 100vw, 700px\" \/><\/a><\/p>\n","protected":false},"excerpt":{"rendered":"<a href=\"https:\/\/www.ifun.de\/macbook-pro-2016-deutsche-kaeufer-erhalten-versandbestaetigungen-100220\/\"><img width=\"150\" height=\"150\" src=\"https:\/\/images.ifun.de\/wp-content\/uploads\/2016\/11\/mittwoch-150x150.jpg\" class=\"alignright tfe wp-post-image\" alt=\"Mittwoch\" decoding=\"async\" loading=\"lazy\" \/><\/a><p>Apple hat damit angefangen, die Versandvorbereitungen fr\u00fcher MacBook Pro-Bestellungen in Angriff zu nehmen und den Bestellstatus bei zahlreichen Deutschen Kunden von &#8222;Bestellung wird bearbeitet&#8220; auf &#8222;Versand wird vorbereitet&#8220; aktualisiert. Nachdem sich in den vergangenen Tagen bereits einige Ausrei\u00dfer \u00fcber das Eintrudeln ihrer Versandbest\u00e4tigungen freuen konnten, scheint die erste Charge der neuen MacBook-Modelle nun kurz vor [&hellip;]<\/p>\n","protected":false},"author":1,"featured_media":100223,"comment_status":"open","ping_status":"closed","sticky":false,"template":"","format":"standard","meta":{"_acf_changed":false,"footnotes":""},"categories":[3],"tags":[4736,224],"class_list":["post-100220","post","type-post","status-publish","format-standard","has-post-thumbnail","hentry","category-apple","tag-apple","tag-macbook-pro"],"acf":[],"aioseo_notices":[],"featured_image":["https:\/\/images.ifun.de\/wp-content\/uploads\/2016\/11\/mittwoch.jpg"],"subheadline":["\"Versand wird vorbereitet\""],"rest_api_enabler":{"featured_image":"https:\/\/images.ifun.de\/wp-content\/uploads\/2016\/11\/mittwoch.jpg","subheadline":"\"Versand wird vorbereitet\""},"_links":{"self":[{"href":"https:\/\/www.ifun.de\/apiv2\/wp\/v2\/posts\/100220","targetHints":{"allow":["GET"]}}],"collection":[{"href":"https:\/\/www.ifun.de\/apiv2\/wp\/v2\/posts"}],"about":[{"href":"https:\/\/www.ifun.de\/apiv2\/wp\/v2\/types\/post"}],"author":[{"embeddable":true,"href":"https:\/\/www.ifun.de\/apiv2\/wp\/v2\/users\/1"}],"replies":[{"embeddable":true,"href":"https:\/\/www.ifun.de\/apiv2\/wp\/v2\/comments?post=100220"}],"version-history":[{"count":2,"href":"https:\/\/www.ifun.de\/apiv2\/wp\/v2\/posts\/100220\/revisions"}],"predecessor-version":[{"id":100225,"href":"https:\/\/www.ifun.de\/apiv2\/wp\/v2\/posts\/100220\/revisions\/100225"}],"wp:featuredmedia":[{"embeddable":true,"href":"https:\/\/www.ifun.de\/apiv2\/wp\/v2\/media\/100223"}],"wp:attachment":[{"href":"https:\/\/www.ifun.de\/apiv2\/wp\/v2\/media?parent=100220"}],"wp:term":[{"taxonomy":"category","embeddable":true,"href":"https:\/\/www.ifun.de\/apiv2\/wp\/v2\/categories?post=100220"},{"taxonomy":"post_tag","embeddable":true,"href":"https:\/\/www.ifun.de\/apiv2\/wp\/v2\/tags?post=100220"}],"curies":[{"name":"wp","href":"https:\/\/api.w.org\/{rel}","templated":true}]}}