{"id":100198,"date":"2016-11-15T17:47:09","date_gmt":"2016-11-15T16:47:09","guid":{"rendered":"http:\/\/www.ifun.de\/?p=100198"},"modified":"2016-11-15T17:49:44","modified_gmt":"2016-11-15T16:49:44","slug":"macbook-pro-2016-touch-bar-mit-ruhemodus-ssd-nicht-wechselbar","status":"publish","type":"post","link":"https:\/\/www.ifun.de\/macbook-pro-2016-touch-bar-mit-ruhemodus-ssd-nicht-wechselbar-100198\/","title":{"rendered":"MacBook Pro 2016: Touch Bar mit Ruhemodus, SSD nicht wechselbar"},"content":{"rendered":"<p>Trotz des <a href=\"http:\/\/www.ifun.de\/macbook-pro-mit-touch-bar-die-ersten-reviews-sind-da-100109\/\">gestern gefallenen<\/a> Review-Embargos, das Apple der US-Presse als Freigabetermin f\u00fcr die bereits geschriebenen Ger\u00e4te-Rezensionen aufgedr\u00fcckt hatte, bleiben zahlreiche Fragen zum neuen MacBook Pro noch unbeantwortet. <\/p>\n<p><a href=\"https:\/\/images.ifun.de\/wp-content\/uploads\/2016\/11\/lappi.jpg\"><img loading=\"lazy\" decoding=\"async\" src=\"https:\/\/images.ifun.de\/wp-content\/uploads\/2016\/11\/lappi.jpg\" alt=\"Lappi\" width=\"500\" height=\"317\" class=\"aligncenter size-full wp-image-100200\" srcset=\"https:\/\/images.ifun.de\/wp-content\/uploads\/2016\/11\/lappi.jpg 500w, https:\/\/images.ifun.de\/wp-content\/uploads\/2016\/11\/lappi-300x190.jpg 300w\" sizes=\"auto, (max-width: 500px) 100vw, 500px\" \/><\/a><\/p>\n<p>Klackert die <a href=\"https:\/\/www.youtube.com\/watch?v=NYVjIjBMx6o&#038;feature=youtu.be&#038;t=835\">Tastatur zu laut<\/a>? Wie lange h\u00e4lt der integrierte Akku im Alltagseinsatz? Hier gehen die Meinungen der Rezensenten erstaunlicherweise <a href=\"http:\/\/www.theverge.com\/2016\/11\/14\/13616404\/apple-macbook-pro-touch-bar-review-2016-13-inch-15-inch-laptop\">weit<\/a> <a href=\"http:\/\/uk.businessinsider.com\/apple-macbook-pro-battery-life-shorter-than-expected-2016-11\">auseinander<\/a>. Und: L\u00e4sst sich die integrierte SSD-Festplatte gegen ein neues, vielleicht sogar ein gr\u00f6\u00dferes Modul tauschen? <\/p>\n<h2>SSD nicht wechselbar<\/h2>\n<p>Zumindest auf die Frage nach der SSD scheinen nun die ersten Antworten aufzutauchen, die der anstehenden Blick ins Ger\u00e4te-Innere &#8211; die Reparatur-Experten von <a href=\"https:\/\/www.ifixit.com\/Teardown\/MacBook+Pro+13-Inch+Function+Keys+Late+2016+Teardown\/72415#s144817\">iFixit<\/a> stehen bereits in den Startl\u00f6chern &#8211; verl\u00e4sslich kl\u00e4ren wird. <\/p>\n<p><a href=\"https:\/\/www.ifixit.com\/Teardown\/MacBook+Pro+13-Inch+Function+Keys+Late+2016+Teardown\/72415#s144817\">Im Gegensatz<\/a> zum 13&#8243; MacBook Pro mit Funktionstasten, scheinen die Ausstattungsvarianten mit Touch Bar nicht auf ein wechselbares SSD-Modul, sondern auf ein fest verl\u00f6tetes Flash-Laufwerk zu setzen, das sich nicht in Eigenregie wechseln lassen wird. <\/p>\n<p>Dies geht aus <a href=\"http:\/\/imgur.com\/a\/24QhY\">der Bilder-Galerie<\/a> eines fr\u00fch belieferten Nutzers <a href=\"http:\/\/forums.macrumors.com\/threads\/does-the-macbook-pro-with-touch-bar-have-removable-ssd.2014953\/\">hervor<\/a>, der seine Schnappsch\u00fcsse auf dem Foto-Portal <a href=\"http:\/\/imgur.com\/a\/24QhY\">Imgur<\/a> ver\u00f6ffentlicht hat. <\/p>\n<p><a href=\"https:\/\/images.ifun.de\/wp-content\/uploads\/2016\/11\/book-innen.jpg\"><img loading=\"lazy\" decoding=\"async\" src=\"https:\/\/images.ifun.de\/wp-content\/uploads\/2016\/11\/book-innen.jpg\" alt=\"Book Innen\" width=\"700\" height=\"481\" class=\"aligncenter size-full wp-image-100199\" srcset=\"https:\/\/images.ifun.de\/wp-content\/uploads\/2016\/11\/book-innen.jpg 700w, https:\/\/images.ifun.de\/wp-content\/uploads\/2016\/11\/book-innen-300x206.jpg 300w\" sizes=\"auto, (max-width: 700px) 100vw, 700px\" \/><\/a><\/p>\n<h2>Touch Bar mit Ruhemodus<\/h2>\n<p>Ebenfalls erw\u00e4hnenswert. Die Touch Bar der neuen MacBooks verf\u00fcgt \u00fcber einen eigenen Ruhemodus. Spielt der Rechner zum Beispiel Musik und hat l\u00e4ngere Zeit keine Tastatureingabe mehr wahrgenommen dunkelt sich die Touch Bar erst ab, ehe sie anschlie\u00dfend komplett schwarz wird. Eine Beeinflussung der Helligkeit hat Apple <a href=\"https:\/\/sixcolors.com\/post\/2016\/11\/macbook-pro-touch-bar-review-keyboard-chameleon\/\">nicht vorgesehen<\/a>. <\/p>\n<blockquote><p>There\u2019s no way to control the brightness of the Touch Bar, but it does engage in some very specific power-saving behavior. When the MacBook Pro is idle for a little while, the display will dim. After a bit longer, it will shut off entirely. The moment you begin using the MacBook Pro again, it snaps back into life. But it\u2019s not always on.<\/p>\n<\/blockquote>\n<p><div class=\"responsive-video\"><iframe loading=\"lazy\" width=\"700\" height=\"371\" src=\"https:\/\/www.youtube-nocookie.com\/embed\/opfnrjCBXKI\" frameborder=\"0\" allowfullscreen><\/iframe><\/div><\/p>\n","protected":false},"excerpt":{"rendered":"<a href=\"https:\/\/www.ifun.de\/macbook-pro-2016-touch-bar-mit-ruhemodus-ssd-nicht-wechselbar-100198\/\"><img width=\"150\" height=\"150\" src=\"https:\/\/images.ifun.de\/wp-content\/uploads\/2016\/11\/lappi-150x150.jpg\" class=\"alignright tfe wp-post-image\" alt=\"Lappi\" decoding=\"async\" loading=\"lazy\" \/><\/a><p>Trotz des gestern gefallenen Review-Embargos, das Apple der US-Presse als Freigabetermin f\u00fcr die bereits geschriebenen Ger\u00e4te-Rezensionen aufgedr\u00fcckt hatte, bleiben zahlreiche Fragen zum neuen MacBook Pro noch unbeantwortet. Klackert die Tastatur zu laut? Wie lange h\u00e4lt der integrierte Akku im Alltagseinsatz? Hier gehen die Meinungen der Rezensenten erstaunlicherweise weit auseinander. Und: L\u00e4sst sich die integrierte SSD-Festplatte [&hellip;]<\/p>\n","protected":false},"author":1,"featured_media":100200,"comment_status":"open","ping_status":"closed","sticky":false,"template":"","format":"standard","meta":{"_acf_changed":false,"footnotes":""},"categories":[16],"tags":[224,3477],"class_list":["post-100198","post","type-post","status-publish","format-standard","has-post-thumbnail","hentry","category-mac","tag-macbook-pro","tag-touch-bar"],"acf":[],"aioseo_notices":[],"subheadline":["Keine Helligkeitsregulierung"],"featured_image":["https:\/\/images.ifun.de\/wp-content\/uploads\/2016\/11\/macbook.jpg"],"rest_api_enabler":{"subheadline":"Keine Helligkeitsregulierung","featured_image":"https:\/\/images.ifun.de\/wp-content\/uploads\/2016\/11\/macbook.jpg"},"_links":{"self":[{"href":"https:\/\/www.ifun.de\/apiv2\/wp\/v2\/posts\/100198","targetHints":{"allow":["GET"]}}],"collection":[{"href":"https:\/\/www.ifun.de\/apiv2\/wp\/v2\/posts"}],"about":[{"href":"https:\/\/www.ifun.de\/apiv2\/wp\/v2\/types\/post"}],"author":[{"embeddable":true,"href":"https:\/\/www.ifun.de\/apiv2\/wp\/v2\/users\/1"}],"replies":[{"embeddable":true,"href":"https:\/\/www.ifun.de\/apiv2\/wp\/v2\/comments?post=100198"}],"version-history":[{"count":3,"href":"https:\/\/www.ifun.de\/apiv2\/wp\/v2\/posts\/100198\/revisions"}],"predecessor-version":[{"id":100203,"href":"https:\/\/www.ifun.de\/apiv2\/wp\/v2\/posts\/100198\/revisions\/100203"}],"wp:featuredmedia":[{"embeddable":true,"href":"https:\/\/www.ifun.de\/apiv2\/wp\/v2\/media\/100200"}],"wp:attachment":[{"href":"https:\/\/www.ifun.de\/apiv2\/wp\/v2\/media?parent=100198"}],"wp:term":[{"taxonomy":"category","embeddable":true,"href":"https:\/\/www.ifun.de\/apiv2\/wp\/v2\/categories?post=100198"},{"taxonomy":"post_tag","embeddable":true,"href":"https:\/\/www.ifun.de\/apiv2\/wp\/v2\/tags?post=100198"}],"curies":[{"name":"wp","href":"https:\/\/api.w.org\/{rel}","templated":true}]}}