{"id":100013,"date":"2016-11-11T07:24:46","date_gmt":"2016-11-11T06:24:46","guid":{"rendered":"http:\/\/www.ifun.de\/?p=100013"},"modified":"2016-11-11T07:24:46","modified_gmt":"2016-11-11T06:24:46","slug":"macbook-pro-apple-bereitet-versand-der-ersten-touch-bar-modelle-vor","status":"publish","type":"post","link":"https:\/\/www.ifun.de\/macbook-pro-apple-bereitet-versand-der-ersten-touch-bar-modelle-vor-100013\/","title":{"rendered":"MacBook Pro: Apple bereitet Versand der ersten Touch-Bar-Modelle vor"},"content":{"rendered":"<p>Von n\u00e4chster Woche an soll das <a href=\"http:\/\/ifun.de\/applestore\/http:\/\/www.apple.com\/de\/macbook-pro\" title=\"neuen MacBook-Pro-Modelle\">neue MacBook Pro<\/a> mit Touch Bar ausgeliefert werden. Wer fr\u00fch bestellt hat, bekam von Apple eine Lieferung in der kommenden Woche prognostiziert. Offenbar will das Unternehmen diesen Termin halten, aus den USA kommen erste Berichte dar\u00fcber, das sich der Versandstatus einiger Bestellungen ver\u00e4ndert hat.<\/p>\n<p><a href=\"https:\/\/images.ifun.de\/wp-content\/uploads\/2016\/11\/macbook-pro-liefertermin.jpg\"><img loading=\"lazy\" decoding=\"async\" src=\"https:\/\/images.ifun.de\/wp-content\/uploads\/2016\/11\/macbook-pro-liefertermin.jpg\" alt=\"Macbook Pro Liefertermin\" width=\"500\" height=\"395\" class=\"alignnone size-full wp-image-99872\" srcset=\"https:\/\/images.ifun.de\/wp-content\/uploads\/2016\/11\/macbook-pro-liefertermin.jpg 500w, https:\/\/images.ifun.de\/wp-content\/uploads\/2016\/11\/macbook-pro-liefertermin-300x237.jpg 300w\" sizes=\"auto, (max-width: 500px) 100vw, 500px\" \/><\/a><\/p>\n<p>Den <a href=\"http:\/\/appleinsider.com\/articles\/16\/11\/10\/macbook-pro-with-touch-bar-orders-updating-apple-readies-first-shipments\">Berichten<\/a> zufolge scheint Apple sowohl Ger\u00e4te mit 13-Zoll-Bildschirm als auch 15-Zoll-Modelle versandfertig zu machen. Allerdings d\u00fcrfen nur K\u00e4ufer, die ihr MacBook in Standardkonfiguration bestellt haben, auf eine fr\u00fche Lieferung hoffen. Sogenannte \u201eBuilt to order\u201c-Bestellungen beispielsweise mit anderer Grafikkarte sollen nicht vor Dezember, teils erst im Januar ausgeliefert werden.<\/p>\n<p>Wann die Ger\u00e4te auch in den Apple-Ladengesch\u00e4ften \u201ezum Mitnehmen\u201c bereitstehen ist derweil noch offen. Dem Vernehmen nach sollen dort ebenfalls n\u00e4chste Woche die ersten Modelle eintreffen, allerdings werden nur geringe St\u00fcckzahlen und diese in Standardausstattung erwartet.<\/p>\n","protected":false},"excerpt":{"rendered":"<a href=\"https:\/\/www.ifun.de\/macbook-pro-apple-bereitet-versand-der-ersten-touch-bar-modelle-vor-100013\/\"><img decoding=\"async\" width=\"150\" src=\"https:\/\/images.ifun.de\/wp-content\/uploads\/2016\/11\/macbook-pro-liefertermin.jpg\" class=\"alignright wp-post-image tfe\" alt=\"Macbook Pro Liefertermin\" title=\"\" \/><\/a><p>Von n\u00e4chster Woche an soll das neue MacBook Pro mit Touch Bar ausgeliefert werden. Wer fr\u00fch bestellt hat, bekam von Apple eine Lieferung in der kommenden Woche prognostiziert. Offenbar will das Unternehmen diesen Termin halten, aus den USA kommen erste Berichte dar\u00fcber, das sich der Versandstatus einiger Bestellungen ver\u00e4ndert hat. Den Berichten zufolge scheint Apple [&hellip;]<\/p>\n","protected":false},"author":2,"featured_media":0,"comment_status":"open","ping_status":"closed","sticky":false,"template":"","format":"standard","meta":{"_acf_changed":false,"footnotes":""},"categories":[16],"tags":[224],"class_list":["post-100013","post","type-post","status-publish","format-standard","hentry","category-mac","tag-macbook-pro"],"acf":[],"aioseo_notices":[],"subheadline":["Lieferung ab n\u00e4chster Woche"],"featured_image":["https:\/\/images.ifun.de\/wp-content\/uploads\/2016\/11\/macbook-pro-2016-escape-edition.jpg"],"rest_api_enabler":{"subheadline":"Lieferung ab n\u00e4chster Woche","featured_image":"https:\/\/images.ifun.de\/wp-content\/uploads\/2016\/11\/macbook-pro-2016-escape-edition.jpg"},"_links":{"self":[{"href":"https:\/\/www.ifun.de\/apiv2\/wp\/v2\/posts\/100013","targetHints":{"allow":["GET"]}}],"collection":[{"href":"https:\/\/www.ifun.de\/apiv2\/wp\/v2\/posts"}],"about":[{"href":"https:\/\/www.ifun.de\/apiv2\/wp\/v2\/types\/post"}],"author":[{"embeddable":true,"href":"https:\/\/www.ifun.de\/apiv2\/wp\/v2\/users\/2"}],"replies":[{"embeddable":true,"href":"https:\/\/www.ifun.de\/apiv2\/wp\/v2\/comments?post=100013"}],"version-history":[{"count":2,"href":"https:\/\/www.ifun.de\/apiv2\/wp\/v2\/posts\/100013\/revisions"}],"predecessor-version":[{"id":100015,"href":"https:\/\/www.ifun.de\/apiv2\/wp\/v2\/posts\/100013\/revisions\/100015"}],"wp:attachment":[{"href":"https:\/\/www.ifun.de\/apiv2\/wp\/v2\/media?parent=100013"}],"wp:term":[{"taxonomy":"category","embeddable":true,"href":"https:\/\/www.ifun.de\/apiv2\/wp\/v2\/categories?post=100013"},{"taxonomy":"post_tag","embeddable":true,"href":"https:\/\/www.ifun.de\/apiv2\/wp\/v2\/tags?post=100013"}],"curies":[{"name":"wp","href":"https:\/\/api.w.org\/{rel}","templated":true}]}}